{"id":280,"date":"2025-07-01T09:32:27","date_gmt":"2025-07-01T07:32:27","guid":{"rendered":"https:\/\/www.petrsefara.cz\/?p=280"},"modified":"2025-07-01T09:32:29","modified_gmt":"2025-07-01T07:32:29","slug":"kdyz-se-z-lezeni-stane-jen-sport","status":"publish","type":"post","link":"https:\/\/www.petrsefara.cz\/en\/kdyz-se-z-lezeni-stane-jen-sport\/","title":{"rendered":"Kdy\u017e se z lezen\u00ed stane jen sport"},"content":{"rendered":"<p>Pamatuji si svoji prvn\u00ed skaln\u00ed cestu. Bylo to na Vysok\u00e9 sk\u00e1le u \u0160t\u011bp\u00e1nova a rozhodn\u011b to nebyl \u017e\u00e1dn\u00fd heroick\u00fd v\u00fdkon, \u017e\u00e1dn\u00e9 p\u0159ekon\u00e1v\u00e1n\u00ed limit\u016f. Byla to oby\u010dejn\u00e1 radost z pohybu, z dotyku sk\u00e1ly pod prsty, z nov\u00e9ho dobrodru\u017estv\u00ed a z kamar\u00e1d\u016f, kte\u0159\u00ed m\u011b jistili. Lezen\u00ed se pro m\u011b stalo v\u00edc ne\u017e sportem \u2013 stal se \u017eivotn\u00ed cestou o d\u016fv\u011b\u0159e, respektu k p\u0159\u00edrod\u011b a sd\u00edlen\u00fdch z\u00e1\u017eitc\u00edch.<\/p>\n\n\n\n<p><br>Dnes se ale n\u011bco m\u011bn\u00ed. St\u00e1le \u010dast\u011bji potk\u00e1v\u00e1m lezce, kte\u0159\u00ed nikdy nevylezli na skute\u010dnou sk\u00e1lu. Jejich domovem je um\u011bl\u00e1 st\u011bna, jejich c\u00edlem je p\u0159el\u00e9zt co nejt\u011b\u017e\u0161\u00ed cestu, jejich tempo je zb\u011bsil\u00e9. Ne\u0159\u00edk\u00e1m, \u017ee je to \u0161patn\u011b \u2013 sportovn\u00ed lezen\u00ed m\u00e1 sv\u00e9 kouzlo a lezeck\u00e1 centra, ve kter\u00fdch je v\u00edc navij\u00e1k\u016f ne\u017e lezc\u016f ve v\u0161edn\u00ed den, zp\u0159\u00edstupnila tento sport tis\u00edc\u016fm lid\u00ed.<\/p>\n\n\n\n<h6 class=\"wp-block-heading\"><strong>Od skal do haly<\/strong><\/h6>\n\n\n\n<p>Jako instruktor lezen\u00ed ale vid\u00edm, jak se m\u011bn\u00ed priority. M\u00edsto ot\u00e1zky &#8222;Kam pojedeme o v\u00edkendu l\u00e9zt?&#8220; sly\u0161\u00edm &#8222;Jakou barvu jsi dneska dal?&#8220;. M\u00edsto u\u010den\u00ed se uzl\u016fm a ji\u0161t\u011bn\u00ed se \u0159e\u0161\u00ed pouze s\u00edla \u00fachopu a dynamika pohybu. Lezen\u00ed na um\u011bl\u00e9 st\u011bn\u011b se stalo samostatn\u00fdm sportem, kter\u00fd m\u00e1 s p\u016fvodn\u00edm lezen\u00edm spole\u010dn\u00fd u\u017e jen n\u00e1zev.<\/p>\n\n\n\n<p><br>S t\u00edmto posunem p\u0159ich\u00e1z\u00ed i \u00fabytek z\u00e1kladn\u00edch znalost\u00ed. Potk\u00e1v\u00e1m lezce, kte\u0159\u00ed sice p\u0159elezou osmi\u010dkov\u00fd p\u0159evis, ale nezvl\u00e1dnou uv\u00e1zat osmi\u010dkov\u00fd uzel. Znaj\u00ed sv\u016fj osobn\u00ed rekord na rychlost, ale netu\u0161\u00ed, jak postavit \u0161tand nebo jak komunikovat s par\u0165\u00e1kem na lan\u011b, kdy\u017e na sebe nevid\u00ed.<\/p>\n\n\n\n<figure class=\"wp-block-image aligncenter size-large is-resized\"><img loading=\"lazy\" decoding=\"async\" width=\"768\" height=\"1024\" src=\"https:\/\/www.petrsefara.cz\/wp-content\/uploads\/2025\/02\/IMG_1650-768x1024.jpeg\" alt=\"\" class=\"wp-image-240\" style=\"width:500px;height:auto\" srcset=\"https:\/\/www.petrsefara.cz\/wp-content\/uploads\/2025\/02\/IMG_1650-768x1024.jpeg 768w, https:\/\/www.petrsefara.cz\/wp-content\/uploads\/2025\/02\/IMG_1650-225x300.jpeg 225w, https:\/\/www.petrsefara.cz\/wp-content\/uploads\/2025\/02\/IMG_1650-1152x1536.jpeg 1152w, https:\/\/www.petrsefara.cz\/wp-content\/uploads\/2025\/02\/IMG_1650-1536x2048.jpeg 1536w, https:\/\/www.petrsefara.cz\/wp-content\/uploads\/2025\/02\/IMG_1650-600x800.jpeg 600w, https:\/\/www.petrsefara.cz\/wp-content\/uploads\/2025\/02\/IMG_1650-scaled.jpeg 1920w\" sizes=\"auto, (max-width: 768px) 100vw, 768px\" \/><\/figure>\n\n\n\n<h6 class=\"wp-block-heading\"><strong>\u010c\u00edsla versus z\u00e1\u017eitky<\/strong><\/h6>\n\n\n\n<p>Mo\u017en\u00e1 je to p\u0159irozen\u00fd v\u00fdvoj. Ka\u017ed\u00fd sport se profesionalizuje, m\u011b\u0159\u00ed se v\u00fdkony, porovn\u00e1vaj\u00ed se \u010dasy. Ale mn\u011b chyb\u00ed ta p\u016fvodn\u00ed podstata \u2013 spole\u010dn\u00e9 v\u00fdjezdy, ve\u010dery u ohn\u011b po celodenn\u00edm lezen\u00ed, respekt ke sk\u00e1le i k sob\u011b navz\u00e1jem.<\/p>\n\n\n\n<p><br>Kurz lezen\u00ed dnes \u010dasto znamen\u00e1 nau\u010dit se spr\u00e1vnou techniku nohou a maximalizovat s\u00edlu prst\u016f. Ale kdo u\u010d\u00ed \u00factu k p\u0159\u00edrod\u011b? Kdo p\u0159ed\u00e1v\u00e1 tradice a etiku lezen\u00ed? Kdo vysv\u011btl\u00ed, \u017ee d\u016fv\u011bra v par\u0165\u00e1ka na lan\u011b je cenn\u011bj\u0161\u00ed ne\u017e jak\u00fdkoliv p\u0159elezen\u00fd boulder?<\/p>\n\n\n\n<p>Nechci zn\u00edt jako nostalgick\u00fd star\u00fd lezec. Um\u011bl\u00e9 st\u011bny jsou skv\u011bl\u00e9 pro tr\u00e9nink i z\u00e1bavu. A st\u00e1le je to nejbezpe\u010dn\u011bj\u0161\u00ed m\u00edsto, kde se u\u010dit z\u00e1klady lezen\u00ed i metodiky. Jen bych byl r\u00e1d, kdyby lezen\u00ed z\u016fstalo tak\u00e9 o tom p\u016fvodn\u00edm \u2013 o radosti z pohybu v p\u0159\u00edrod\u011b, o p\u0159\u00e1telstv\u00ed a o respektu. Proto\u017ee a\u017e jednou vylezete na skute\u010dnou sk\u00e1lu a uc\u00edt\u00edte v\u00edtr ve vlasech a slunce na z\u00e1dech, pochop\u00edte, \u017ee \u017e\u00e1dn\u00e1 hala v\u00e1m tento z\u00e1\u017eitek nenahrad\u00ed.<\/p>\n\n\n\n<p>Ve sv\u00fdch <a href=\"https:\/\/www.petrsefara.cz\/en\/sluzby\/\" title=\"Services\">kurzech<\/a> se proto st\u00e1le sna\u017e\u00edm p\u0159ed\u00e1vat pov\u011bdom\u00ed o tom, \u017ee lezen\u00ed nen\u00ed o lezen\u00ed na um\u011bl\u00e9 st\u011bn\u011b po barvi\u010dk\u00e1ch, ale o pohybu v p\u0159\u00edrod\u011b, o odvaze a dobrodru\u017estv\u00ed.<\/p>\n\n\n\n<p><br><em>A vy? Jste sp\u00ed\u0161 t\u00fdmov\u00ed hr\u00e1\u010di na sk\u00e1le, nebo samot\u00e1\u0159i na um\u011bl\u00e9 st\u011bn\u011b? Pod\u011blte se o sv\u016fj n\u00e1zor v koment\u00e1\u0159\u00edch.<\/em><\/p>\n\n\n\n<p><\/p>","protected":false},"excerpt":{"rendered":"<p>Pamatuji si svoji prvn\u00ed skaln\u00ed cestu. Bylo to na Vysok\u00e9 sk\u00e1le u \u0160t\u011bp\u00e1nova a rozhodn\u011b to nebyl \u017e\u00e1dn\u00fd heroick\u00fd v\u00fdkon, \u017e\u00e1dn\u00e9 p\u0159ekon\u00e1v\u00e1n\u00ed limit\u016f. Byla to oby\u010dejn\u00e1 radost z pohybu, z dotyku sk\u00e1ly pod prsty, z nov\u00e9ho dobrodru\u017estv\u00ed a z kamar\u00e1d\u016f, kte\u0159\u00ed m\u011b jistili. Lezen\u00ed se pro m\u011b stalo v\u00edc ne\u017e sportem \u2013 stal se \u017eivotn\u00ed [&hellip;]<\/p>","protected":false},"author":1,"featured_media":0,"comment_status":"open","ping_status":"open","sticky":false,"template":"","format":"standard","meta":{"_monsterinsights_skip_tracking":false,"_monsterinsights_sitenote_active":false,"_monsterinsights_sitenote_note":"","_monsterinsights_sitenote_category":0,"footnotes":""},"categories":[1],"tags":[],"class_list":["post-280","post","type-post","status-publish","format-standard","hentry","category-nezarazene"],"aioseo_notices":[],"_links":{"self":[{"href":"https:\/\/www.petrsefara.cz\/en\/wp-json\/wp\/v2\/posts\/280","targetHints":{"allow":["GET"]}}],"collection":[{"href":"https:\/\/www.petrsefara.cz\/en\/wp-json\/wp\/v2\/posts"}],"about":[{"href":"https:\/\/www.petrsefara.cz\/en\/wp-json\/wp\/v2\/types\/post"}],"author":[{"embeddable":true,"href":"https:\/\/www.petrsefara.cz\/en\/wp-json\/wp\/v2\/users\/1"}],"replies":[{"embeddable":true,"href":"https:\/\/www.petrsefara.cz\/en\/wp-json\/wp\/v2\/comments?post=280"}],"version-history":[{"count":1,"href":"https:\/\/www.petrsefara.cz\/en\/wp-json\/wp\/v2\/posts\/280\/revisions"}],"predecessor-version":[{"id":281,"href":"https:\/\/www.petrsefara.cz\/en\/wp-json\/wp\/v2\/posts\/280\/revisions\/281"}],"wp:attachment":[{"href":"https:\/\/www.petrsefara.cz\/en\/wp-json\/wp\/v2\/media?parent=280"}],"wp:term":[{"taxonomy":"category","embeddable":true,"href":"https:\/\/www.petrsefara.cz\/en\/wp-json\/wp\/v2\/categories?post=280"},{"taxonomy":"post_tag","embeddable":true,"href":"https:\/\/www.petrsefara.cz\/en\/wp-json\/wp\/v2\/tags?post=280"}],"curies":[{"name":"wp","href":"https:\/\/api.w.org\/{rel}","templated":true}]}}