{"id":245,"date":"2025-02-13T09:08:20","date_gmt":"2025-02-13T08:08:20","guid":{"rendered":"https:\/\/www.petrsefara.cz\/?p=245"},"modified":"2025-02-13T09:09:01","modified_gmt":"2025-02-13T08:09:01","slug":"rozsireni-dokonceno","status":"publish","type":"post","link":"https:\/\/www.petrsefara.cz\/en\/rozsireni-dokonceno\/","title":{"rendered":"Roz\u0161\u00ed\u0159en\u00ed dokon\u010deno!"},"content":{"rendered":"<p>D\u0159\u00edve <a href=\"https:\/\/www.petrsefara.cz\/en\/rozsireni-lezecke-haly-v-novem-meste-na-morave\/\" title=\"\">ozn\u00e1men\u00e9<\/a> roz\u0161\u00ed\u0159en\u00ed um\u011bl\u00e9 lezeck\u00e9 st\u011bny v Nov\u00e9m M\u011bst\u011b na Morav\u011b je \u00fasp\u011b\u0161n\u011b dokon\u010deno! D\u00edky nasazen\u00ed m\u00edstn\u00edch lezc\u016f jsou na nov\u00fdch profilech ji\u017e p\u0159ipraveny prvn\u00ed cesty, kter\u00e9 otev\u00edraj\u00ed dve\u0159e v\u0161em nad\u0161enc\u016fm do lezen\u00ed \u2013 od za\u010d\u00e1te\u010dn\u00edk\u016f a\u017e po zku\u0161en\u00e9 borce.<\/p>\n\n\n\n<p>Tento projekt si zaslou\u017e\u00ed velk\u00e9 uzn\u00e1n\u00ed, proto\u017ee posunul novom\u011bstskou um\u011blou st\u011bnu mezi \u0161pi\u010dku t\u011bch, kter\u00e9 se nach\u00e1zej\u00ed ve v\u00edce\u00fa\u010delov\u00fdch hal\u00e1ch. Podobn\u00e1 sportovi\u0161t\u011b \u010dasto nar\u00e1\u017eej\u00ed na probl\u00e9m prostoru \u2013 um\u011bl\u00e1 st\u011bna je v nich sp\u00ed\u0161e dopl\u0148kem a b\u00fdv\u00e1 navr\u017eena tak, aby na minim\u00e1ln\u00ed plo\u0161e poskytovala maxim\u00e1ln\u00ed obt\u00ed\u017enost. V\u00fdsledkem jsou \u010dasto extr\u00e9mn\u011b p\u0159evisl\u00e9 profily, kter\u00e9 mohou za\u010d\u00e1te\u010dn\u00edky od lezen\u00ed sp\u00ed\u0161e odradit.<\/p>\n\n\n\n<p>Nov\u00e9 profily v novom\u011bstsk\u00e9 hale v\u0161ak p\u0159in\u00e1\u0161ej\u00ed zm\u011bnu k lep\u0161\u00edmu. Roz\u0161\u00ed\u0159en\u00ed nab\u00eddlo rozs\u00e1hlou kolmou plochu, na kter\u00e9 mohou vznikat leh\u010d\u00ed cesty ide\u00e1ln\u00ed pro prvn\u00ed lezeck\u00e9 kroky. Za\u010d\u00e1te\u010dn\u00edci tak z\u00edskaj\u00ed jistotu a chu\u0165 pokra\u010dovat, zat\u00edmco zku\u0161en\u011bj\u0161\u00ed lezci ocen\u00ed prostor pro zah\u0159\u00e1t\u00ed a prota\u017een\u00ed. A pro ty, kte\u0159\u00ed hledaj\u00ed v\u00fdzvu? Nov\u00e1 st\u011bna nekon\u010d\u00ed jen u kolm\u00e9ho profilu \u2013 vrchol\u00ed kr\u00e1tk\u00fdm stropem, kter\u00fd prov\u011b\u0159\u00ed s\u00edlu i techniku pokro\u010dil\u00fdch lezc\u016f.<\/p>\n\n\n\n<p>Pod\u00edvejte se na prvn\u00ed sn\u00edmky z nov\u011b roz\u0161\u00ed\u0159en\u00e9 st\u011bny v na\u0161\u00ed galerii!<\/p>\n\n\n<style type=\"text\/css\">\n#foogallery-gallery-238 .fg-image { width: 150px; }\n#foogallery-gallery-238 { --fg-gutter: 10px; }<\/style>\n\t\t\t<div class=\"foogallery foogallery-container foogallery-default foogallery-lightbox-foogallery fg-center fg-default fg-ready fg-light fg-border-thin fg-shadow-outline fg-loading-default fg-loaded-fade-in fg-caption-hover fg-hover-fade fg-hover-zoom\" id=\"foogallery-gallery-238\" data-foogallery=\"{&quot;item&quot;:{&quot;showCaptionTitle&quot;:true,&quot;showCaptionDescription&quot;:true},&quot;lazy&quot;:true}\" data-foogallery-lightbox=\"{&quot;thumbs&quot;:&quot;bottom&quot;,&quot;thumbsCaptions&quot;:false,&quot;thumbsBestFit&quot;:false,&quot;thumbsSmall&quot;:false,&quot;thumbsCaptionsAlign&quot;:&quot;default&quot;,&quot;info&quot;:&quot;bottom&quot;,&quot;infoVisible&quot;:true,&quot;infoOverlay&quot;:true,&quot;infoAlign&quot;:&quot;default&quot;,&quot;transition&quot;:&quot;fade&quot;,&quot;hoverButtons&quot;:false,&quot;fitMedia&quot;:false,&quot;noScrollbars&quot;:true,&quot;preserveButtonSpace&quot;:true,&quot;buttons&quot;:{&quot;fullscreen&quot;:true,&quot;info&quot;:true,&quot;thumbs&quot;:false},&quot;video&quot;:{&quot;autoPlay&quot;:true}}\" style=\"--fg-title-line-clamp: 0; --fg-description-line-clamp: 0;\" >\n\t<div class=\"fg-item fg-type-image fg-idle\"><figure class=\"fg-item-inner\"><a href=\"https:\/\/www.petrsefara.cz\/wp-content\/uploads\/2025\/02\/IMG_1651-scaled.jpeg\" data-caption-title=\"Um\u011bl\u00e9 st\u011bna Nov\u00e9 M\u011bsto na Morav\u011b\" data-caption-desc=\"Celkov\u00fd pohled na roz\u0161\u00ed\u0159enou um\u011blou st\u011bnu v Nov\u00e9m M\u011bst\u011b na Morav\u011b\" data-attachment-id=\"239\" data-type=\"image\" class=\"fg-thumb\"><span class=\"fg-image-wrap\"><img decoding=\"async\" title=\"Um\u011bl\u00e9 st\u011bna Nov\u00e9 M\u011bsto na Morav\u011b\" width=\"150\" height=\"150\" class=\"skip-lazy fg-image\" data-src-fg=\"https:\/\/www.petrsefara.cz\/wp-content\/uploads\/cache\/2025\/02\/IMG_1651-scaled\/2383934218.jpeg\" src=\"data:image\/svg+xml,%3Csvg%20xmlns%3D%22http%3A%2F%2Fwww.w3.org%2F2000%2Fsvg%22%20width%3D%22150%22%20height%3D%22150%22%20viewBox%3D%220%200%20150%20150%22%3E%3C%2Fsvg%3E\" loading=\"eager\"><\/span><span class=\"fg-image-overlay\"><\/span><\/a><figcaption class=\"fg-caption\"><div class=\"fg-caption-inner\"><div class=\"fg-caption-title\">Um\u011bl\u00e9 st\u011bna Nov\u00e9 M\u011bsto na Morav\u011b<\/div><div class=\"fg-caption-desc\">Celkov\u00fd pohled na roz\u0161\u00ed\u0159enou um\u011blou st\u011bnu v Nov\u00e9m M\u011bst\u011b na Morav\u011b<\/div><\/div><\/figcaption><\/figure><div class=\"fg-loader\"><\/div><\/div><div class=\"fg-item fg-type-image fg-idle\"><figure class=\"fg-item-inner\"><a href=\"https:\/\/www.petrsefara.cz\/wp-content\/uploads\/2025\/02\/IMG_1650-scaled.jpeg\" data-caption-title=\"Detail chytu na um\u011bl\u00e9 st\u011bn\u011b v Nov\u00e9m M\u011bst\u011b na Morav\u011b\" data-attachment-id=\"240\" data-type=\"image\" class=\"fg-thumb\"><span class=\"fg-image-wrap\"><img decoding=\"async\" title=\"Detail chytu na um\u011bl\u00e9 st\u011bn\u011b v Nov\u00e9m M\u011bst\u011b na Morav\u011b\" width=\"150\" height=\"150\" class=\"skip-lazy fg-image\" data-src-fg=\"https:\/\/www.petrsefara.cz\/wp-content\/uploads\/cache\/2025\/02\/IMG_1650-scaled\/469908371.jpeg\" src=\"data:image\/svg+xml,%3Csvg%20xmlns%3D%22http%3A%2F%2Fwww.w3.org%2F2000%2Fsvg%22%20width%3D%22150%22%20height%3D%22150%22%20viewBox%3D%220%200%20150%20150%22%3E%3C%2Fsvg%3E\" loading=\"eager\"><\/span><span class=\"fg-image-overlay\"><\/span><\/a><figcaption class=\"fg-caption\"><div class=\"fg-caption-inner\"><div class=\"fg-caption-title\">Detail chytu na um\u011bl\u00e9 st\u011bn\u011b v Nov\u00e9m M\u011bst\u011b na Morav\u011b<\/div><\/div><\/figcaption><\/figure><div class=\"fg-loader\"><\/div><\/div><div class=\"fg-item fg-type-image fg-idle\"><figure class=\"fg-item-inner\"><a href=\"https:\/\/www.petrsefara.cz\/wp-content\/uploads\/2025\/02\/IMG_1649-scaled.jpeg\" data-caption-title=\"Ozna\u010den\u00ed cest na um\u011bl\u00e9 st\u011bn\u011b v Nov\u00e9m M\u011bst\u011b na Morav\u011b\" data-caption-desc=\"Svoji obt\u00ed\u017enost si na um\u011bl\u00e9 st\u011bn\u011b v Nov\u00e9m M\u011bst\u011b na Morav\u011b najde ka\u017ed\u00fd\" data-attachment-id=\"241\" data-type=\"image\" class=\"fg-thumb\"><span class=\"fg-image-wrap\"><img decoding=\"async\" title=\"Ozna\u010den\u00ed cest na um\u011bl\u00e9 st\u011bn\u011b v Nov\u00e9m M\u011bst\u011b na Morav\u011b\" width=\"150\" height=\"150\" class=\"skip-lazy fg-image\" data-src-fg=\"https:\/\/www.petrsefara.cz\/wp-content\/uploads\/cache\/2025\/02\/IMG_1649-scaled\/4165160952.jpeg\" src=\"data:image\/svg+xml,%3Csvg%20xmlns%3D%22http%3A%2F%2Fwww.w3.org%2F2000%2Fsvg%22%20width%3D%22150%22%20height%3D%22150%22%20viewBox%3D%220%200%20150%20150%22%3E%3C%2Fsvg%3E\" loading=\"eager\"><\/span><span class=\"fg-image-overlay\"><\/span><\/a><figcaption class=\"fg-caption\"><div class=\"fg-caption-inner\"><div class=\"fg-caption-title\">Ozna\u010den\u00ed cest na um\u011bl\u00e9 st\u011bn\u011b v Nov\u00e9m M\u011bst\u011b na Morav\u011b<\/div><div class=\"fg-caption-desc\">Svoji obt\u00ed\u017enost si na um\u011bl\u00e9 st\u011bn\u011b v Nov\u00e9m M\u011bst\u011b na Morav\u011b najde ka\u017ed\u00fd<\/div><\/div><\/figcaption><\/figure><div class=\"fg-loader\"><\/div><\/div><div class=\"fg-item fg-type-image fg-idle\"><figure class=\"fg-item-inner\"><a href=\"https:\/\/www.petrsefara.cz\/wp-content\/uploads\/2025\/02\/IMG_1627-scaled.jpeg\" data-caption-title=\"Posilovac\u00ed pom\u016fcka na um\u011bl\u00e9 st\u011bn\u011b v Nov\u00e9m M\u011bst\u011b na Moav\u011b\" data-caption-desc=\"Sv\u00e9 m\u00edsto na um\u011bl\u00e9 st\u011bn\u011b v Nov\u00e9m M\u011bst\u011b na Morav\u011b maj\u00ed i posilovac\u00ed pom\u016fcky\" data-attachment-id=\"242\" data-type=\"image\" class=\"fg-thumb\"><span class=\"fg-image-wrap\"><img decoding=\"async\" title=\"Posilovac\u00ed pom\u016fcka na um\u011bl\u00e9 st\u011bn\u011b v Nov\u00e9m M\u011bst\u011b na Moav\u011b\" width=\"150\" height=\"150\" class=\"skip-lazy fg-image\" data-src-fg=\"https:\/\/www.petrsefara.cz\/wp-content\/uploads\/cache\/2025\/02\/IMG_1627-scaled\/1730271744.jpeg\" src=\"data:image\/svg+xml,%3Csvg%20xmlns%3D%22http%3A%2F%2Fwww.w3.org%2F2000%2Fsvg%22%20width%3D%22150%22%20height%3D%22150%22%20viewBox%3D%220%200%20150%20150%22%3E%3C%2Fsvg%3E\" loading=\"eager\"><\/span><span class=\"fg-image-overlay\"><\/span><\/a><figcaption class=\"fg-caption\"><div class=\"fg-caption-inner\"><div class=\"fg-caption-title\">Posilovac\u00ed pom\u016fcka na um\u011bl\u00e9 st\u011bn\u011b v Nov\u00e9m M\u011bst\u011b na Moav\u011b<\/div><div class=\"fg-caption-desc\">Sv\u00e9 m\u00edsto na um\u011bl\u00e9 st\u011bn\u011b v Nov\u00e9m M\u011bst\u011b na Morav\u011b maj\u00ed i posilovac\u00ed pom\u016fcky<\/div><\/div><\/figcaption><\/figure><div class=\"fg-loader\"><\/div><\/div><div class=\"fg-item fg-type-image fg-idle\"><figure class=\"fg-item-inner\"><a href=\"https:\/\/www.petrsefara.cz\/wp-content\/uploads\/2025\/02\/IMG_1626-scaled.jpeg\" data-caption-title=\"Um\u011bl\u00e1 st\u011bna Nov\u00e9 M\u011bsto na Morav\u011b\" data-caption-desc=\"Na um\u011bl\u00e9 st\u011bn\u011b v Nov\u00e9m M\u011bst\u011b na Morav\u011b naleznete i dva navij\u00e1ky pro osam\u011bl\u00e9 lezce\" data-attachment-id=\"243\" data-type=\"image\" class=\"fg-thumb\"><span class=\"fg-image-wrap\"><img decoding=\"async\" title=\"Um\u011bl\u00e1 st\u011bna Nov\u00e9 M\u011bsto na Morav\u011b\" width=\"150\" height=\"150\" class=\"skip-lazy fg-image\" data-src-fg=\"https:\/\/www.petrsefara.cz\/wp-content\/uploads\/cache\/2025\/02\/IMG_1626-scaled\/2010511975.jpeg\" src=\"data:image\/svg+xml,%3Csvg%20xmlns%3D%22http%3A%2F%2Fwww.w3.org%2F2000%2Fsvg%22%20width%3D%22150%22%20height%3D%22150%22%20viewBox%3D%220%200%20150%20150%22%3E%3C%2Fsvg%3E\" loading=\"eager\"><\/span><span class=\"fg-image-overlay\"><\/span><\/a><figcaption class=\"fg-caption\"><div class=\"fg-caption-inner\"><div class=\"fg-caption-title\">Um\u011bl\u00e1 st\u011bna Nov\u00e9 M\u011bsto na Morav\u011b<\/div><div class=\"fg-caption-desc\">Na um\u011bl\u00e9 st\u011bn\u011b v Nov\u00e9m M\u011bst\u011b na Morav\u011b naleznete i dva navij\u00e1ky pro osam\u011bl\u00e9 lezce<\/div><\/div><\/figcaption><\/figure><div class=\"fg-loader\"><\/div><\/div><div class=\"fg-item fg-type-image fg-idle\"><figure class=\"fg-item-inner\"><a href=\"https:\/\/www.petrsefara.cz\/wp-content\/uploads\/2025\/02\/IMG_1625-scaled.jpeg\" data-caption-title=\"Nov\u00e9 cesty na um\u011bl\u00e9 st\u011bn\u011b v Nov\u00e9m M\u011bst\u011b na Morav\u011b\" data-caption-desc=\"Na nov\u00fdch profilech na um\u011bl\u00e9 st\u011bn\u011b v Nov\u00e9m M\u011bst\u011b na Morav\u011b vznikaj\u00ed prvn\u00ed cesty\" data-attachment-id=\"244\" data-type=\"image\" class=\"fg-thumb\"><span class=\"fg-image-wrap\"><img decoding=\"async\" title=\"Nov\u00e9 cesty na um\u011bl\u00e9 st\u011bn\u011b v Nov\u00e9m M\u011bst\u011b na Morav\u011b\" width=\"150\" height=\"150\" class=\"skip-lazy fg-image\" data-src-fg=\"https:\/\/www.petrsefara.cz\/wp-content\/uploads\/cache\/2025\/02\/IMG_1625-scaled\/3509082069.jpeg\" src=\"data:image\/svg+xml,%3Csvg%20xmlns%3D%22http%3A%2F%2Fwww.w3.org%2F2000%2Fsvg%22%20width%3D%22150%22%20height%3D%22150%22%20viewBox%3D%220%200%20150%20150%22%3E%3C%2Fsvg%3E\" loading=\"eager\"><\/span><span class=\"fg-image-overlay\"><\/span><\/a><figcaption class=\"fg-caption\"><div class=\"fg-caption-inner\"><div class=\"fg-caption-title\">Nov\u00e9 cesty na um\u011bl\u00e9 st\u011bn\u011b v Nov\u00e9m M\u011bst\u011b na Morav\u011b<\/div><div class=\"fg-caption-desc\">Na nov\u00fdch profilech na um\u011bl\u00e9 st\u011bn\u011b v Nov\u00e9m M\u011bst\u011b na Morav\u011b vznikaj\u00ed prvn\u00ed cesty<\/div><\/div><\/figcaption><\/figure><div class=\"fg-loader\"><\/div><\/div><\/div>","protected":false},"excerpt":{"rendered":"<p>D\u0159\u00edve ozn\u00e1men\u00e9 roz\u0161\u00ed\u0159en\u00ed um\u011bl\u00e9 lezeck\u00e9 st\u011bny v Nov\u00e9m M\u011bst\u011b na Morav\u011b je \u00fasp\u011b\u0161n\u011b dokon\u010deno! D\u00edky nasazen\u00ed m\u00edstn\u00edch lezc\u016f jsou na nov\u00fdch profilech ji\u017e p\u0159ipraveny prvn\u00ed cesty, kter\u00e9 otev\u00edraj\u00ed dve\u0159e v\u0161em nad\u0161enc\u016fm do lezen\u00ed \u2013 od za\u010d\u00e1te\u010dn\u00edk\u016f a\u017e po zku\u0161en\u00e9 borce. Tento projekt si zaslou\u017e\u00ed velk\u00e9 uzn\u00e1n\u00ed, proto\u017ee posunul novom\u011bstskou um\u011blou st\u011bnu mezi \u0161pi\u010dku t\u011bch, kter\u00e9 [&hellip;]<\/p>","protected":false},"author":1,"featured_media":0,"comment_status":"open","ping_status":"open","sticky":false,"template":"","format":"standard","meta":{"_monsterinsights_skip_tracking":false,"_monsterinsights_sitenote_active":false,"_monsterinsights_sitenote_note":"","_monsterinsights_sitenote_category":0,"footnotes":""},"categories":[28],"tags":[22],"class_list":["post-245","post","type-post","status-publish","format-standard","hentry","category-lezeni","tag-lezeni-na-umele-stene"],"aioseo_notices":[],"_links":{"self":[{"href":"https:\/\/www.petrsefara.cz\/en\/wp-json\/wp\/v2\/posts\/245","targetHints":{"allow":["GET"]}}],"collection":[{"href":"https:\/\/www.petrsefara.cz\/en\/wp-json\/wp\/v2\/posts"}],"about":[{"href":"https:\/\/www.petrsefara.cz\/en\/wp-json\/wp\/v2\/types\/post"}],"author":[{"embeddable":true,"href":"https:\/\/www.petrsefara.cz\/en\/wp-json\/wp\/v2\/users\/1"}],"replies":[{"embeddable":true,"href":"https:\/\/www.petrsefara.cz\/en\/wp-json\/wp\/v2\/comments?post=245"}],"version-history":[{"count":1,"href":"https:\/\/www.petrsefara.cz\/en\/wp-json\/wp\/v2\/posts\/245\/revisions"}],"predecessor-version":[{"id":246,"href":"https:\/\/www.petrsefara.cz\/en\/wp-json\/wp\/v2\/posts\/245\/revisions\/246"}],"wp:attachment":[{"href":"https:\/\/www.petrsefara.cz\/en\/wp-json\/wp\/v2\/media?parent=245"}],"wp:term":[{"taxonomy":"category","embeddable":true,"href":"https:\/\/www.petrsefara.cz\/en\/wp-json\/wp\/v2\/categories?post=245"},{"taxonomy":"post_tag","embeddable":true,"href":"https:\/\/www.petrsefara.cz\/en\/wp-json\/wp\/v2\/tags?post=245"}],"curies":[{"name":"wp","href":"https:\/\/api.w.org\/{rel}","templated":true}]}}