{"id":224,"date":"2025-02-04T10:27:52","date_gmt":"2025-02-04T09:27:52","guid":{"rendered":"https:\/\/www.petrsefara.cz\/?p=224"},"modified":"2025-06-12T07:55:40","modified_gmt":"2025-06-12T05:55:40","slug":"jarnaky-bez-snehu","status":"publish","type":"post","link":"https:\/\/www.petrsefara.cz\/en\/jarnaky-bez-snehu\/","title":{"rendered":"Jar\u0148\u00e1ky bez sn\u011bhu&#8230;."},"content":{"rendered":"<p>&#8230;ale st\u00e1le aktivn\u011b!<\/p>\n\n\n\n<p>Pl\u00e1nujete <strong>dovolenou na Vyso\u010din\u011b<\/strong> a hled\u00e1te aktivn\u00ed vy\u017eit\u00ed? Jako certifikovan\u00fd instruktor <strong>lezen\u00ed<\/strong> a zku\u0161en\u00fd m\u00edstn\u00ed <strong>pr\u016fvodce<\/strong> v\u00e1m nab\u00edz\u00edm jedine\u010dn\u00e9 mo\u017enosti, jak poznat tento n\u00e1dhern\u00fd region. Vyso\u010dina je ide\u00e1ln\u00ed destinac\u00ed pro aktivn\u00ed dovolenou po cel\u00fd rok &#8211; a to i kdy\u017e zrovna nen\u00ed sn\u00edh!<\/p>\n\n\n\n<p><strong>Turistika, kter\u00e1 v\u00e1s p\u0159enese do jin\u00e9ho sv\u011bta<\/strong><\/p>\n\n\n\n<p>Vyso\u010dina je r\u00e1jem pro milovn\u00edky p\u011b\u0161\u00ed turistiky. A kdy\u017e nen\u00ed sn\u00edh, o to l\u00e9pe! P\u0159\u00edstupn\u00e9 jsou toti\u017e i m\u00e9n\u011b frekventovan\u00e9 stezky, kter\u00e9 by v zim\u011b mohly b\u00fdt obt\u00ed\u017en\u011b pr\u016fchodn\u00e9. Napl\u00e1nujte si t\u0159eba trasu za n\u011bkterou z <a href=\"https:\/\/bratrstvo-zdarskych-vrchu.webnode.cz\/osmistovky-zdarskych-vrchu\/\" title=\"\">osmistovek \u017d\u010f\u00e1rsk\u00fdch vrch\u016f<\/a>, kter\u00e9 nab\u00edz\u00ed nezapomenuteln\u00e9 v\u00fdhledy. Pro rodiny s d\u011btmi m\u016f\u017ee b\u00fdt ide\u00e1ln\u00ed okruh kolem rybn\u00edku Velk\u00e9 D\u00e1\u0159ko, kter\u00e9mu se p\u0159ezd\u00edv\u00e1 &#8222;mo\u0159e Vyso\u010diny&#8220;.<\/p>\n\n\n\n<figure class=\"wp-block-image size-large\"><img loading=\"lazy\" decoding=\"async\" width=\"1024\" height=\"768\" src=\"https:\/\/www.petrsefara.cz\/wp-content\/uploads\/2025\/02\/IMG_1026-1024x768.jpeg\" alt=\"\" class=\"wp-image-226\" srcset=\"https:\/\/www.petrsefara.cz\/wp-content\/uploads\/2025\/02\/IMG_1026-1024x768.jpeg 1024w, https:\/\/www.petrsefara.cz\/wp-content\/uploads\/2025\/02\/IMG_1026-300x225.jpeg 300w, https:\/\/www.petrsefara.cz\/wp-content\/uploads\/2025\/02\/IMG_1026-768x576.jpeg 768w, https:\/\/www.petrsefara.cz\/wp-content\/uploads\/2025\/02\/IMG_1026-1536x1152.jpeg 1536w, https:\/\/www.petrsefara.cz\/wp-content\/uploads\/2025\/02\/IMG_1026-2048x1536.jpeg 2048w, https:\/\/www.petrsefara.cz\/wp-content\/uploads\/2025\/02\/IMG_1026-600x450.jpeg 600w\" sizes=\"auto, (max-width: 1024px) 100vw, 1024px\" \/><\/figure>\n\n\n\n<p>Pokud hled\u00e1te n\u011bco v\u00fdjime\u010dn\u00e9ho, vyrazte k <a href=\"https:\/\/www.zdarskevrchy.cz\/cz\/turisticke-cile\/4-devet-skal\" title=\"\">Dev\u00edti skal\u00e1m<\/a>, nejvy\u0161\u0161\u00edmu vrcholu \u017d\u010f\u00e1rsk\u00fdch vrch\u016f. V\u00fdstup na vrchol je sice n\u00e1ro\u010dn\u00fd, ale odm\u011bn\u00ed v\u00e1s dechberouc\u00edm v\u00fdhledem na okoln\u00ed kopce a lesy. P\u0159ipom\u00edn\u00e1 to tak trochu p\u0159\u00edb\u011bhy o poh\u00e1dkov\u00fdch kr\u00e1lovstv\u00edch z kn\u00ed\u017eek, kde ka\u017ed\u00e9 \u00fadol\u00ed skr\u00fdv\u00e1 sv\u00e9 tajemstv\u00ed.<\/p>\n\n\n\n<p><strong>Cyklistika \u2013 dv\u011b kola m\u00edsto b\u011b\u017eek<\/strong><\/p>\n\n\n\n<p>Nem\u00e1te na hor\u00e1ch k dispozici sn\u00edh? Nevad\u00ed, nasedn\u011bte na kolo! Vyso\u010dina je protk\u00e1na s\u00edt\u00ed cyklostezek, kter\u00e9 v\u00e1s provedou malebnou krajinou. Pokud si s sebou kolo nevezete, v\u011bt\u0161ina obl\u00edben\u00fdch m\u00edst na Vyso\u010din\u011b nab\u00edz\u00ed p\u016fj\u010dovny \u2013 a n\u011bkdy i elektrokola, pokud byste si cht\u011bli cestu o n\u011bco usnadnit.<\/p>\n\n\n\n<p>Ide\u00e1ln\u00ed trasou m\u016f\u017ee b\u00fdt t\u0159eba cyklostezka pod\u00e9l \u0159eky S\u00e1zavy. Nejen, \u017ee si u\u017eijete kr\u00e1sy krajiny, ale naraz\u00edte i na historick\u00e9 pam\u00e1tky, jako jsou z\u0159\u00edceniny hrad\u016f nebo star\u00e9 ml\u00fdny. Dal\u0161\u00ed popul\u00e1rn\u00ed trasou je okol\u00ed Nov\u00e9ho M\u011bsta na Morav\u011b, kter\u00e9 je zn\u00e1m\u00e9 jako Mekka zimn\u00edch sport\u016f \u2013 ale kdy\u017e nen\u00ed sn\u00edh, je stejn\u011b atraktivn\u00ed i pro cyklisty. Hor\u00e1ck\u00e1 p\u0159\u00edroda je jako kniha pln\u00e1 obraz\u016f \u2013 ka\u017ed\u00fd kilometr v\u00e1s nech\u00e1 objevovat nov\u00e9 p\u0159\u00edb\u011bhy.<\/p>\n\n\n\n<p><strong>Geocaching \u2013 hleda\u010di poklad\u016f jsou v\u00edt\u00e1ni<\/strong><\/p>\n\n\n\n<p>Pro ty, kte\u0159\u00ed maj\u00ed r\u00e1di dobrodru\u017estv\u00ed a cht\u011bj\u00ed spojit pohyb s trochou z\u00e1hady, je geocaching jako stvo\u0159en\u00fd. Na Vyso\u010din\u011b najdete stovky \u201eke\u0161ek\u201c, kter\u00e9 v\u00e1s zavedou na zaj\u00edmav\u00e1 a m\u00e9n\u011b zn\u00e1m\u00e1 m\u00edsta. M\u016f\u017eete si tak zahr\u00e1t na hleda\u010de poklad\u016f a objevit skryt\u00e9 kouty, o kter\u00fdch jste dosud nem\u011bli tu\u0161en\u00ed.<\/p>\n\n\n\n<figure class=\"wp-block-image size-full\"><img loading=\"lazy\" decoding=\"async\" width=\"1024\" height=\"1024\" src=\"https:\/\/www.petrsefara.cz\/wp-content\/uploads\/2025\/02\/image-user181526-1738659860Z2hbh.png\" alt=\"\" class=\"wp-image-225\" srcset=\"https:\/\/www.petrsefara.cz\/wp-content\/uploads\/2025\/02\/image-user181526-1738659860Z2hbh.png 1024w, https:\/\/www.petrsefara.cz\/wp-content\/uploads\/2025\/02\/image-user181526-1738659860Z2hbh-300x300.png 300w, https:\/\/www.petrsefara.cz\/wp-content\/uploads\/2025\/02\/image-user181526-1738659860Z2hbh-150x150.png 150w, https:\/\/www.petrsefara.cz\/wp-content\/uploads\/2025\/02\/image-user181526-1738659860Z2hbh-768x768.png 768w, https:\/\/www.petrsefara.cz\/wp-content\/uploads\/2025\/02\/image-user181526-1738659860Z2hbh-600x600.png 600w, https:\/\/www.petrsefara.cz\/wp-content\/uploads\/2025\/02\/image-user181526-1738659860Z2hbh-100x100.png 100w\" sizes=\"auto, (max-width: 1024px) 100vw, 1024px\" \/><\/figure>\n\n\n\n<p>P\u0159edstavte si, jak s rodinou \u010di p\u0159\u00e1teli stoj\u00edte uprost\u0159ed lesa a sna\u017e\u00edte se rozlu\u0161tit n\u00e1pov\u011bdu ukrytou v GPS sou\u0159adnic\u00edch. Ka\u017ed\u00fd nalezen\u00fd poklad je mal\u00fdm v\u00edt\u011bzstv\u00edm a p\u0159\u00edle\u017eitost\u00ed poznat dal\u0161\u00ed skryt\u00e9 kr\u00e1sy Vyso\u010diny.<\/p>\n\n\n\n<p><strong>V\u00fdlet na rozhledny \u2013 v\u00fdhledy, kter\u00e9 v\u00e1m vezmou dech<\/strong><\/p>\n\n\n\n<p>Vyso\u010dina se py\u0161n\u00ed celou \u0159adou rozhleden, kter\u00e9 stoj\u00ed za n\u00e1v\u0161t\u011bvu. A co m\u016f\u017ee b\u00fdt lep\u0161\u00edho ne\u017e zdolat schody jedn\u00e9 z nich a b\u00fdt odm\u011bn\u011bn panoramatick\u00fdm v\u00fdhledem, kter\u00fd sah\u00e1 kilometry daleko? Jednou z nejobl\u00edben\u011bj\u0161\u00edch je rozhledna Ma\u0159enka u T\u0159eb\u00ed\u010de, kter\u00e1 nab\u00edz\u00ed \u00fachvatn\u00e9 v\u00fdhledy na celou Vyso\u010dinu.<\/p>\n\n\n\n<p>Dal\u0161\u00ed mo\u017enost\u00ed je t\u0159eba rozhledna Karas\u00edn nedaleko Byst\u0159ice nad Pern\u0161tejnem. Pokud se odhodl\u00e1te k v\u00fdstupu na n\u011bkterou z t\u011bchto vyhl\u00eddek, pochop\u00edte, pro\u010d je Vyso\u010dina pova\u017eov\u00e1na za p\u0159\u00edrodn\u00ed perlu \u010cesk\u00e9 republiky.<\/p>\n\n\n\n<p><strong>P\u0159ekonejte sami sebe na um\u011bl\u00e9 st\u011bn\u011b<\/strong><\/p>\n\n\n\n<p>Pro ty, kdo hledaj\u00ed trochu adrenalinu a netradi\u010dn\u00ed z\u00e1\u017eitky, jsou ide\u00e1ln\u00ed volbou um\u011bl\u00e9 lezeck\u00e9 st\u011bny, kter\u00fdch je v srdci Vyso\u010diny hned n\u011bkolik. Um\u011blou st\u011bnu naleznete v Jihlav\u011b, Nov\u00e9m M\u011bst\u011b na Morav\u011b i v Byst\u0159ici nad Pern\u0161tejnem.<\/p>\n\n\n\n<p>A\u0165 u\u017e se rozhodnete pro jakoukoliv aktivitu, nezapome\u0148te se zastavit a nadechnout se \u010derstv\u00e9ho vzduchu, kter\u00fd na Vyso\u010din\u011b von\u00ed lesem a svobodou. I bez sn\u011bhu m\u00e1 tento region co nab\u00eddnout \u2013 a mo\u017en\u00e1 budete p\u0159ekvapeni, kolik ne\u010dekan\u00e9 kr\u00e1sy a dobrodru\u017estv\u00ed se skr\u00fdv\u00e1 i v dob\u011b, kdy zima zrovna nehraje podle va\u0161ich p\u0159edstav.<\/p>\n\n\n\n<figure class=\"wp-block-image size-large\"><img loading=\"lazy\" decoding=\"async\" width=\"1024\" height=\"768\" src=\"https:\/\/www.petrsefara.cz\/wp-content\/uploads\/2025\/02\/IMG_4723-1024x768.jpg\" alt=\"\" class=\"wp-image-227\" srcset=\"https:\/\/www.petrsefara.cz\/wp-content\/uploads\/2025\/02\/IMG_4723-1024x768.jpg 1024w, https:\/\/www.petrsefara.cz\/wp-content\/uploads\/2025\/02\/IMG_4723-300x225.jpg 300w, https:\/\/www.petrsefara.cz\/wp-content\/uploads\/2025\/02\/IMG_4723-768x576.jpg 768w, https:\/\/www.petrsefara.cz\/wp-content\/uploads\/2025\/02\/IMG_4723-1536x1152.jpg 1536w, https:\/\/www.petrsefara.cz\/wp-content\/uploads\/2025\/02\/IMG_4723-2048x1536.jpg 2048w, https:\/\/www.petrsefara.cz\/wp-content\/uploads\/2025\/02\/IMG_4723-600x450.jpg 600w\" sizes=\"auto, (max-width: 1024px) 100vw, 1024px\" \/><\/figure>\n\n\n\n<h4 class=\"wp-block-heading\">Rezervujte si sv\u00e9ho pr\u016fvodce u\u017e dnes!<\/h4>\n\n\n\n<p>Ne\u010dekejte a napl\u00e1nujte si perfektn\u00ed <strong>dovolenou na Vyso\u010din\u011b<\/strong>. Jako m\u00edstn\u00ed <strong>pr\u016fvodce<\/strong> a instruktor <strong>lezen\u00ed<\/strong> v\u00e1m garantuji:<\/p>\n\n\n\n<ul class=\"wp-block-list\">\n<li>Bezpe\u010dn\u00e9 a profesion\u00e1ln\u00ed veden\u00ed<\/li>\n\n\n\n<li>Znalost nejlep\u0161\u00edch m\u00edst regionu<\/li>\n\n\n\n<li>Flexibiln\u00ed program podle po\u010das\u00ed<\/li>\n\n\n\n<li>Nezapomenuteln\u00e9 z\u00e1\u017eitky pro celou rodinu<\/li>\n<\/ul>\n\n\n\n<p><strong>Vyso\u010dina<\/strong> na v\u00e1s \u010dek\u00e1 &#8211; objevte ji s n\u011bk\u00fdm, kdo ji zn\u00e1 jako sv\u00e9 boty. A\u0165 u\u017e tou\u017e\u00edte po adrenalinu p\u0159i <strong>lezen\u00ed<\/strong>, klidn\u00e9 cyklistice nebo objevov\u00e1n\u00ed kr\u00e1s p\u0159\u00edrody, jsem tu pro v\u00e1s jako v\u00e1\u0161 osobn\u00ed <strong>pr\u016fvodce<\/strong>.<\/p>\n\n\n\n<p><em><a href=\"https:\/\/www.petrsefara.cz\/en\/kontakt\/\" title=\"Kontaktujte \">Kontaktujte <\/a>m\u011b pro individu\u00e1ln\u00ed nab\u00eddku a za\u010dn\u011bte pl\u00e1novat svou vysn\u011bnou dovolenou na Vyso\u010din\u011b ji\u017e dnes!<\/em><\/p>","protected":false},"excerpt":{"rendered":"<p>&#8230;ale st\u00e1le aktivn\u011b! Pl\u00e1nujete dovolenou na Vyso\u010din\u011b a hled\u00e1te aktivn\u00ed vy\u017eit\u00ed? Jako certifikovan\u00fd instruktor lezen\u00ed a zku\u0161en\u00fd m\u00edstn\u00ed pr\u016fvodce v\u00e1m nab\u00edz\u00edm jedine\u010dn\u00e9 mo\u017enosti, jak poznat tento n\u00e1dhern\u00fd region. Vyso\u010dina je ide\u00e1ln\u00ed destinac\u00ed pro aktivn\u00ed dovolenou po cel\u00fd rok &#8211; a to i kdy\u017e zrovna nen\u00ed sn\u00edh! Turistika, kter\u00e1 v\u00e1s p\u0159enese do jin\u00e9ho sv\u011bta Vyso\u010dina je [&hellip;]<\/p>","protected":false},"author":1,"featured_media":0,"comment_status":"open","ping_status":"open","sticky":false,"template":"","format":"standard","meta":{"_monsterinsights_skip_tracking":false,"_monsterinsights_sitenote_active":false,"_monsterinsights_sitenote_note":"","_monsterinsights_sitenote_category":0,"footnotes":""},"categories":[30],"tags":[24,27],"class_list":["post-224","post","type-post","status-publish","format-standard","hentry","category-turisticke-tipy","tag-tipy","tag-vysocina"],"aioseo_notices":[],"_links":{"self":[{"href":"https:\/\/www.petrsefara.cz\/en\/wp-json\/wp\/v2\/posts\/224","targetHints":{"allow":["GET"]}}],"collection":[{"href":"https:\/\/www.petrsefara.cz\/en\/wp-json\/wp\/v2\/posts"}],"about":[{"href":"https:\/\/www.petrsefara.cz\/en\/wp-json\/wp\/v2\/types\/post"}],"author":[{"embeddable":true,"href":"https:\/\/www.petrsefara.cz\/en\/wp-json\/wp\/v2\/users\/1"}],"replies":[{"embeddable":true,"href":"https:\/\/www.petrsefara.cz\/en\/wp-json\/wp\/v2\/comments?post=224"}],"version-history":[{"count":2,"href":"https:\/\/www.petrsefara.cz\/en\/wp-json\/wp\/v2\/posts\/224\/revisions"}],"predecessor-version":[{"id":272,"href":"https:\/\/www.petrsefara.cz\/en\/wp-json\/wp\/v2\/posts\/224\/revisions\/272"}],"wp:attachment":[{"href":"https:\/\/www.petrsefara.cz\/en\/wp-json\/wp\/v2\/media?parent=224"}],"wp:term":[{"taxonomy":"category","embeddable":true,"href":"https:\/\/www.petrsefara.cz\/en\/wp-json\/wp\/v2\/categories?post=224"},{"taxonomy":"post_tag","embeddable":true,"href":"https:\/\/www.petrsefara.cz\/en\/wp-json\/wp\/v2\/tags?post=224"}],"curies":[{"name":"wp","href":"https:\/\/api.w.org\/{rel}","templated":true}]}}