{"id":139,"date":"2024-10-29T06:57:30","date_gmt":"2024-10-29T05:57:30","guid":{"rendered":"https:\/\/www.petrsefara.cz\/?p=139"},"modified":"2025-02-12T17:36:19","modified_gmt":"2025-02-12T16:36:19","slug":"rozsireni-lezecke-haly-v-novem-meste-na-morave","status":"publish","type":"post","link":"https:\/\/www.petrsefara.cz\/en\/rozsireni-lezecke-haly-v-novem-meste-na-morave\/","title":{"rendered":"Roz\u0161\u00ed\u0159en\u00ed lezeck\u00e9 haly v Nov\u00e9m M\u011bst\u011b na Morav\u011b"},"content":{"rendered":"<div class=\"wp-block-group alignfull has-background-background-color has-background has-global-padding is-layout-constrained wp-container-core-group-is-layout-7276a2bb wp-block-group-is-layout-constrained\" style=\"margin-top:0;margin-bottom:0;padding-top:var(--wp--preset--spacing--60);padding-right:var(--wp--preset--spacing--30);padding-bottom:var(--wp--preset--spacing--60);padding-left:var(--wp--preset--spacing--30)\">\n<div class=\"wp-block-group alignwide has-global-padding is-content-justification-left is-layout-constrained wp-container-core-group-is-layout-8b4c372c wp-block-group-is-layout-constrained\">\n<h2 class=\"wp-block-heading has-large-font-size\"><\/h2>\n\n\n\n<p style=\"margin-top:16px\"><\/p>\n<\/div>\n\n\n\n<div class=\"wp-block-columns alignwide are-vertically-aligned-top is-layout-flex wp-container-core-columns-is-layout-08c01c1c wp-block-columns-is-layout-flex\">\n<div class=\"wp-block-column is-vertically-aligned-top is-layout-flow wp-block-column-is-layout-flow\">\n<p>Skv\u011blou zpr\u00e1vou pro v\u0161echny z\u00e1jemce o lezen\u00ed z okol\u00ed Nov\u00e9ho M\u011bsta na Morav\u011b je pl\u00e1novan\u00e9 roz\u0161\u00ed\u0159en\u00ed dosavadn\u00ed lezeck\u00e9 st\u011bny v modern\u00ed sportovn\u00ed hale o zhruba 100 m<sup>2<\/sup> plochy. Tato nov\u00e1 \u010d\u00e1st by sv\u00fdm profilem a obt\u00ed\u017enost\u00ed cest m\u011bla b\u00fdt vhodn\u00e1 p\u0159edev\u0161\u00edm pro za\u010d\u00e1te\u010dn\u00edky, kter\u00fdm v sou\u010dasn\u00e9m rozlo\u017een\u00ed st\u011bny chyb\u011bl prostor pro v\u011bt\u0161\u00ed po\u010det leh\u010d\u00edch cest, kter\u00e9 by nebyly v p\u0159evisu. <\/p>\n\n\n\n<p>Velk\u00fd d\u00edk m\u011bstu <a href=\"https:\/\/www.nmnm.cz\/\" title=\"\">Nov\u00e9 M\u011bsto na Morav\u011b<\/a> a v\u0161em, kte\u0159\u00ed se na provozu st\u011bny pod\u00edlej\u00ed. D\u00edky jejich pr\u00e1ci vznik\u00e1 opravdu par\u00e1dn\u00ed um\u011bl\u00e1 st\u011bna, na kter\u00e9 je radost si zal\u00e9zt.<\/p>\n<\/div>\n\n\n\n<div class=\"wp-block-column is-vertically-aligned-top is-layout-flow wp-block-column-is-layout-flow\">\n<figure class=\"wp-block-image size-full ext-aspect-landscape\"><img loading=\"lazy\" decoding=\"async\" width=\"863\" height=\"384\" src=\"https:\/\/www.petrsefara.cz\/wp-content\/uploads\/2024\/10\/stena_nmnm.jpg\" alt=\"\" class=\"wp-image-143\" style=\"aspect-ratio:4\/3;object-fit:cover\" srcset=\"https:\/\/www.petrsefara.cz\/wp-content\/uploads\/2024\/10\/stena_nmnm.jpg 863w, https:\/\/www.petrsefara.cz\/wp-content\/uploads\/2024\/10\/stena_nmnm-300x133.jpg 300w, https:\/\/www.petrsefara.cz\/wp-content\/uploads\/2024\/10\/stena_nmnm-768x342.jpg 768w, https:\/\/www.petrsefara.cz\/wp-content\/uploads\/2024\/10\/stena_nmnm-600x267.jpg 600w\" sizes=\"auto, (max-width: 863px) 100vw, 863px\" \/><\/figure>\n<\/div>\n<\/div>\n<\/div>\n\n\n\n<p><\/p>","protected":false},"excerpt":{"rendered":"<p>Skv\u011blou zpr\u00e1vou pro v\u0161echny z\u00e1jemce o lezen\u00ed z okol\u00ed Nov\u00e9ho M\u011bsta na Morav\u011b je pl\u00e1novan\u00e9 roz\u0161\u00ed\u0159en\u00ed dosavadn\u00ed lezeck\u00e9 st\u011bny v modern\u00ed sportovn\u00ed hale o zhruba 100 m2 plochy. Tato nov\u00e1 \u010d\u00e1st by sv\u00fdm profilem a obt\u00ed\u017enost\u00ed cest m\u011bla b\u00fdt vhodn\u00e1 p\u0159edev\u0161\u00edm pro za\u010d\u00e1te\u010dn\u00edky, kter\u00fdm v sou\u010dasn\u00e9m rozlo\u017een\u00ed st\u011bny chyb\u011bl prostor pro v\u011bt\u0161\u00ed po\u010det leh\u010d\u00edch cest, [&hellip;]<\/p>","protected":false},"author":1,"featured_media":0,"comment_status":"open","ping_status":"open","sticky":false,"template":"","format":"standard","meta":{"_monsterinsights_skip_tracking":false,"_monsterinsights_sitenote_active":false,"_monsterinsights_sitenote_note":"","_monsterinsights_sitenote_category":0,"footnotes":""},"categories":[28],"tags":[22],"class_list":["post-139","post","type-post","status-publish","format-standard","hentry","category-lezeni","tag-lezeni-na-umele-stene"],"aioseo_notices":[],"_links":{"self":[{"href":"https:\/\/www.petrsefara.cz\/en\/wp-json\/wp\/v2\/posts\/139","targetHints":{"allow":["GET"]}}],"collection":[{"href":"https:\/\/www.petrsefara.cz\/en\/wp-json\/wp\/v2\/posts"}],"about":[{"href":"https:\/\/www.petrsefara.cz\/en\/wp-json\/wp\/v2\/types\/post"}],"author":[{"embeddable":true,"href":"https:\/\/www.petrsefara.cz\/en\/wp-json\/wp\/v2\/users\/1"}],"replies":[{"embeddable":true,"href":"https:\/\/www.petrsefara.cz\/en\/wp-json\/wp\/v2\/comments?post=139"}],"version-history":[{"count":7,"href":"https:\/\/www.petrsefara.cz\/en\/wp-json\/wp\/v2\/posts\/139\/revisions"}],"predecessor-version":[{"id":189,"href":"https:\/\/www.petrsefara.cz\/en\/wp-json\/wp\/v2\/posts\/139\/revisions\/189"}],"wp:attachment":[{"href":"https:\/\/www.petrsefara.cz\/en\/wp-json\/wp\/v2\/media?parent=139"}],"wp:term":[{"taxonomy":"category","embeddable":true,"href":"https:\/\/www.petrsefara.cz\/en\/wp-json\/wp\/v2\/categories?post=139"},{"taxonomy":"post_tag","embeddable":true,"href":"https:\/\/www.petrsefara.cz\/en\/wp-json\/wp\/v2\/tags?post=139"}],"curies":[{"name":"wp","href":"https:\/\/api.w.org\/{rel}","templated":true}]}}